{"id":226,"date":"2018-03-02T13:57:46","date_gmt":"2018-03-02T16:57:46","guid":{"rendered":"http:\/\/www.cgtic.andifes.org.br\/?p=226"},"modified":"2026-04-22T09:30:18","modified_gmt":"2026-04-22T12:30:18","slug":"informacoes-sobre-o-xiii-wticifes","status":"publish","type":"post","link":"https:\/\/www.cgtic.andifes.org.br\/index.php\/2018\/03\/02\/informacoes-sobre-o-xiii-wticifes\/","title":{"rendered":"Informa\u00e7\u00f5es sobre o XIII WTICIFES"},"content":{"rendered":"<p style=\"text-align: left;\">O XIII Workshop de Tecnologia da Informa\u00e7\u00e3o e Comunica\u00e7\u00e3o das Institui\u00e7\u00f5es Federais de Ensino Superior do Brasil (WTICIFES) j\u00e1 tem local e data para acontecer. Este ano o evento est\u00e1 sendo organizado pela\u00a0Universidade Federal de Mato Grosso (UFMT),\u00a0 e acontecer\u00e1 no Gran Odara\u00a0Hotel, em Cuiab\u00e1-MT.<\/p>\n<p style=\"text-align: left;\">Integrado ao XIII WTICIFES, acontecer\u00e1 o IV\u00a0 Encontro dos Escrit\u00f3rios de Processos das IFES, momento para compartilhar conhecimentos e pr\u00e1ticas referentes a gest\u00e3o por processos, onde ser\u00e3o abordados temas como: an\u00e1lise, desenho, execu\u00e7\u00e3o, monitoramento e controle, visando alcan\u00e7ar resultados relevantes e alinhados aos objetivos estrat\u00e9gicos das IFES.<\/p>\n<p style=\"text-align: left;\">Nesta edi\u00e7\u00e3o, o WTICIFES traz como tema\u00a0<b>\u201cAs IFES e o desafio da integra\u00e7\u00e3o entre Sistemas, Processos e \u00d3rg\u00e3os P\u00fablicos\u201d<\/b>.<\/p>\n<p style=\"text-align: left;\">\u00c9 evidente que diante de um mundo tecnol\u00f3gico e conectado, a sociedade espera cada vez mais que os \u00f3rg\u00e3os p\u00fablicos sejam eficientes, eficazes e transparentes na presta\u00e7\u00e3o de servi\u00e7os. Nesse cen\u00e1rio, torna-se essencial evoluir a Gest\u00e3o de Tecnologia da Informa\u00e7\u00e3o e Comunica\u00e7\u00e3o, a fim de manter a qualidade das IFES.<\/p>\n<p style=\"text-align: left;\">A quantidade exorbitante de dados criados e mantidos pelos \u00f3rg\u00e3os p\u00fablicos torna o atendimento \u00e0 sociedade de forma articulada, um grande desafio. Logo, a integra\u00e7\u00e3o entre os diversos setores da administra\u00e7\u00e3o p\u00fablica surge como um importante aspecto a ser desenvolvido, para que as IFES consigam cumprir o seu papel social.<\/p>\n<p style=\"text-align: left;\">Essa integra\u00e7\u00e3o abrange diferentes n\u00edveis, uma vez que n\u00e3o apenas sistemas e dados podem ser compartilhados, mas tamb\u00e9m processos e boas pr\u00e1ticas de gest\u00e3o. \u00c9 necess\u00e1rio ainda que as Tecnologias da Informa\u00e7\u00e3o e Comunica\u00e7\u00e3o estejam alinhadas com as estrat\u00e9gias da gest\u00e3o e integradas aos Processos que consigam refletir a capacidade de opera\u00e7\u00e3o dessas institui\u00e7\u00f5es.<\/p>\n<p style=\"text-align: left;\">Nesse contexto, o\u00a0<u>desafio de integrar sistemas, processos e \u00f3rg\u00e3os p\u00fablicos<\/u>\u00a0deve ser o foco do XIII WTICIFES e do IV Encontro dos Escrit\u00f3rios de Processos das IFES.<\/p>\n<p style=\"text-align: left;\">Para mais informa\u00e7\u00f5es visite o site do evento no endere\u00e7o <a href=\"https:\/\/www.ufmt.br\/wticifes2019\" target=\"_blank\">https:\/\/www.ufmt.br\/wticifes2019<\/a><\/p>\n<p style=\"text-align: left;\">Mobilize sua equipe e fiquem ligados nas pr\u00f3ximas publica\u00e7\u00f5es!<\/p>\n","protected":false},"excerpt":{"rendered":"<p>O XIII Workshop de Tecnologia da Informa\u00e7\u00e3o e Comunica\u00e7\u00e3o das Institui\u00e7\u00f5es Federais de Ensino Superior do Brasil (WTICIFES) j\u00e1 tem local e data para acontecer. Este ano o evento est\u00e1 sendo organizado pela\u00a0Universidade Federal de Mato Grosso (UFMT),\u00a0 e acontecer\u00e1 no Gran Odara\u00a0Hotel, em Cuiab\u00e1-MT. Integrado ao XIII WTICIFES, acontecer\u00e1 o IV\u00a0 Encontro dos Escrit\u00f3rios [&hellip;]<\/p>\n","protected":false},"author":13,"featured_media":0,"comment_status":"closed","ping_status":"closed","sticky":false,"template":"","format":"standard","meta":{"footnotes":""},"categories":[4],"tags":[],"class_list":["post-226","post","type-post","status-publish","format-standard","hentry","category-wticifes"],"_links":{"self":[{"href":"https:\/\/www.cgtic.andifes.org.br\/index.php\/wp-json\/wp\/v2\/posts\/226","targetHints":{"allow":["GET"]}}],"collection":[{"href":"https:\/\/www.cgtic.andifes.org.br\/index.php\/wp-json\/wp\/v2\/posts"}],"about":[{"href":"https:\/\/www.cgtic.andifes.org.br\/index.php\/wp-json\/wp\/v2\/types\/post"}],"author":[{"embeddable":true,"href":"https:\/\/www.cgtic.andifes.org.br\/index.php\/wp-json\/wp\/v2\/users\/13"}],"replies":[{"embeddable":true,"href":"https:\/\/www.cgtic.andifes.org.br\/index.php\/wp-json\/wp\/v2\/comments?post=226"}],"version-history":[{"count":11,"href":"https:\/\/www.cgtic.andifes.org.br\/index.php\/wp-json\/wp\/v2\/posts\/226\/revisions"}],"predecessor-version":[{"id":1075,"href":"https:\/\/www.cgtic.andifes.org.br\/index.php\/wp-json\/wp\/v2\/posts\/226\/revisions\/1075"}],"wp:attachment":[{"href":"https:\/\/www.cgtic.andifes.org.br\/index.php\/wp-json\/wp\/v2\/media?parent=226"}],"wp:term":[{"taxonomy":"category","embeddable":true,"href":"https:\/\/www.cgtic.andifes.org.br\/index.php\/wp-json\/wp\/v2\/categories?post=226"},{"taxonomy":"post_tag","embeddable":true,"href":"https:\/\/www.cgtic.andifes.org.br\/index.php\/wp-json\/wp\/v2\/tags?post=226"}],"curies":[{"name":"wp","href":"https:\/\/api.w.org\/{rel}","templated":true}]}}