{"id":303,"date":"2019-02-14T15:03:21","date_gmt":"2019-02-14T17:03:21","guid":{"rendered":"http:\/\/www.cgtic.andifes.org.br\/?p=303"},"modified":"2026-04-29T13:49:40","modified_gmt":"2026-04-29T16:49:40","slug":"wticifes-2019-chamada-de-trabalhos","status":"publish","type":"post","link":"https:\/\/www.cgtic.andifes.org.br\/index.php\/2019\/02\/14\/wticifes-2019-chamada-de-trabalhos\/","title":{"rendered":"WTICIFES 2019 &#8211; Chamada de Trabalhos"},"content":{"rendered":"<p style=\"text-align: left;\">Cuiab\u00e1\u00a0recebe o XIII Workshop de Tecnologia da Informa\u00e7\u00e3o e Comunica\u00e7\u00e3o das Institui\u00e7\u00f5es Federais de Ensino Superior do Brasil (WTICIFES 2019) no per\u00edodo de 04 a 6 de junho de 2019. Sob o tema \u201c<b>As IFES e o desafio da integra\u00e7\u00e3o entre Sistemas, Processos e \u00d3rg\u00e3os P\u00fablicos<\/b>\u201d, o encontro pretende levantar quest\u00f5es comuns \u00e0 realidade dos profissionais de TIC\u00a0 para promover o debate e a troca de conhecimento e informa\u00e7\u00f5es do setor.<\/p>\n<p style=\"text-align: left;\">Integrado ao XIII WTICIFES, acontecer\u00e1 o IV Encontro dos Escrit\u00f3rios de Processos das Universidades Federais (EEP), com o mesmo objetivo de relatar experi\u00eancias e boas pr\u00e1ticas e debater a gest\u00e3o por processos como estrat\u00e9gia para a supera\u00e7\u00e3o das dificuldades do cen\u00e1rio atual.<\/p>\n<p style=\"text-align: left;\">O WTICIFES \u00e9 uma promo\u00e7\u00e3o do Col\u00e9gio de Gestores de TIC das IFES para, a partir da similaridade dos problemas e desafios de gest\u00e3o, incentivar a troca interinstitucional de experi\u00eancias e solu\u00e7\u00f5es para a efetiva\u00e7\u00e3o da TIC como um instrumento de avan\u00e7o de todas as Universidades.<\/p>\n<p style=\"text-align: left;\">A submiss\u00e3o de trabalhos para o XIII WTICIFES e IV EEP est\u00e1 aberta e segue at\u00e9 01\/03\/2019. A submiss\u00e3o pode ser feita por meio do website do evento <a href=\"http:\/\/www.ufmt.br\/wticifes2019\">https:\/\/www.ufmt.br\/wticifes2019<\/a><\/p>\n<p style=\"text-align: left;\"><strong>Datas Importantes:<\/strong><\/p>\n<p style=\"text-align: left;\">Submiss\u00e3o de trabalhos: 01\/02\/2019 &#8211; 01\/03\/2019<\/p>\n<p style=\"text-align: left;\">Notifica\u00e7\u00e3o de Aceita\u00e7\u00e3o: 15\/04\/2019<\/p>\n<p style=\"text-align: left;\">Evento: 04\/06\/2019 a 06\/06\/2019<\/p>\n<p style=\"text-align: left;\">Mais informa\u00e7\u00f5es sobre o evento podem ser encontradas em <a href=\"https:\/\/www.ufmt.br\/wticifes2019\/\">https:\/\/www.ufmt.br\/wticifes2019\/<\/a>.<\/p>\n","protected":false},"excerpt":{"rendered":"<p>Cuiab\u00e1\u00a0recebe o XIII Workshop de Tecnologia da Informa\u00e7\u00e3o e Comunica\u00e7\u00e3o das Institui\u00e7\u00f5es Federais de Ensino Superior do Brasil (WTICIFES 2019) no per\u00edodo de 04 a 6 de junho de 2019. Sob o tema \u201cAs IFES e o desafio da integra\u00e7\u00e3o entre Sistemas, Processos e \u00d3rg\u00e3os P\u00fablicos\u201d, o encontro pretende levantar quest\u00f5es comuns \u00e0 realidade dos [&hellip;]<\/p>\n","protected":false},"author":38,"featured_media":0,"comment_status":"closed","ping_status":"closed","sticky":false,"template":"","format":"standard","meta":{"footnotes":""},"categories":[4],"tags":[],"class_list":["post-303","post","type-post","status-publish","format-standard","hentry","category-wticifes"],"_links":{"self":[{"href":"https:\/\/www.cgtic.andifes.org.br\/index.php\/wp-json\/wp\/v2\/posts\/303","targetHints":{"allow":["GET"]}}],"collection":[{"href":"https:\/\/www.cgtic.andifes.org.br\/index.php\/wp-json\/wp\/v2\/posts"}],"about":[{"href":"https:\/\/www.cgtic.andifes.org.br\/index.php\/wp-json\/wp\/v2\/types\/post"}],"author":[{"embeddable":true,"href":"https:\/\/www.cgtic.andifes.org.br\/index.php\/wp-json\/wp\/v2\/users\/38"}],"replies":[{"embeddable":true,"href":"https:\/\/www.cgtic.andifes.org.br\/index.php\/wp-json\/wp\/v2\/comments?post=303"}],"version-history":[{"count":6,"href":"https:\/\/www.cgtic.andifes.org.br\/index.php\/wp-json\/wp\/v2\/posts\/303\/revisions"}],"predecessor-version":[{"id":1106,"href":"https:\/\/www.cgtic.andifes.org.br\/index.php\/wp-json\/wp\/v2\/posts\/303\/revisions\/1106"}],"wp:attachment":[{"href":"https:\/\/www.cgtic.andifes.org.br\/index.php\/wp-json\/wp\/v2\/media?parent=303"}],"wp:term":[{"taxonomy":"category","embeddable":true,"href":"https:\/\/www.cgtic.andifes.org.br\/index.php\/wp-json\/wp\/v2\/categories?post=303"},{"taxonomy":"post_tag","embeddable":true,"href":"https:\/\/www.cgtic.andifes.org.br\/index.php\/wp-json\/wp\/v2\/tags?post=303"}],"curies":[{"name":"wp","href":"https:\/\/api.w.org\/{rel}","templated":true}]}}