{"id":367,"date":"2019-06-28T17:07:19","date_gmt":"2019-06-28T20:07:19","guid":{"rendered":"http:\/\/www.cgtic.andifes.org.br\/?p=367"},"modified":"2026-04-29T13:49:30","modified_gmt":"2026-04-29T16:49:30","slug":"nova-coordenacao-do-cgtic","status":"publish","type":"post","link":"https:\/\/www.cgtic.andifes.org.br\/index.php\/2019\/06\/28\/nova-coordenacao-do-cgtic\/","title":{"rendered":"Nova Coordena\u00e7\u00e3o do CGTIC"},"content":{"rendered":"<p>Na plen\u00e1ria do dia 07\/06\/2019 que ocorreu em Cuiab\u00e1-MT, foi eleita a nova coordena\u00e7\u00e3o do Col\u00e9gio de Gestores de TIC da Andifes para o per\u00edodo de Junho\/2019 a Junho\/2021. A nova coordena\u00e7\u00e3o \u00e9 composta pelos seguintes membros:<br \/>\n&#8211; Coordenador: Luciano Gonda (UFMS)<br \/>\n&#8211; Vice-coordenadora:Eunice Pereira dos Santos Nunes (UFMT)<br \/>\n&#8211; Secret\u00e1ria: Apuena Vieira Gomes (UFRN)<br \/>\n&#8211; Coordenadora do GT de Governan\u00e7a: Ligia Maria Carvalho Sousa Cordeiro (UNILAB)<br \/>\n&#8211; Coordenador do GT de Infraestrutura: Lu\u00eds Fernando Faina (UFU)<br \/>\n&#8211; Coordenador do GT de Sistemas: Valmir Antunes Pereira (UFPR)<br \/>\n&#8211; Coordenadora do GT de Pessoas: Aline Barros Tavares (UFRR)<\/p>\n<p>A nova gest\u00e3o segue avante com novos desafios, a fim de alavancar a Tecnologia da Informa\u00e7\u00e3o e Comunica\u00e7\u00e3o nas IFES e  inserir as IFES no projeto de Transforma\u00e7\u00e3o Digital do Governo Federal, dialogando com outros F\u00f3runs da Andifes, com o FORTI\/CONIF e tamb\u00e9m com as Secretarias do Minist\u00e9rio da Economia, em especial, a Secretaria de Governo Digital.<\/p>\n","protected":false},"excerpt":{"rendered":"<p>Na plen\u00e1ria do dia 07\/06\/2019 que ocorreu em Cuiab\u00e1-MT, foi eleita a nova coordena\u00e7\u00e3o do Col\u00e9gio de Gestores de TIC da Andifes para o per\u00edodo de Junho\/2019 a Junho\/2021. A nova coordena\u00e7\u00e3o \u00e9 composta pelos seguintes membros: &#8211; Coordenador: Luciano Gonda (UFMS) &#8211; Vice-coordenadora:Eunice Pereira dos Santos Nunes (UFMT) &#8211; Secret\u00e1ria: Apuena Vieira Gomes (UFRN) [&hellip;]<\/p>\n","protected":false},"author":7,"featured_media":0,"comment_status":"closed","ping_status":"closed","sticky":false,"template":"","format":"standard","meta":{"footnotes":""},"categories":[1],"tags":[],"class_list":["post-367","post","type-post","status-publish","format-standard","hentry","category-sem-categoria"],"_links":{"self":[{"href":"https:\/\/www.cgtic.andifes.org.br\/index.php\/wp-json\/wp\/v2\/posts\/367","targetHints":{"allow":["GET"]}}],"collection":[{"href":"https:\/\/www.cgtic.andifes.org.br\/index.php\/wp-json\/wp\/v2\/posts"}],"about":[{"href":"https:\/\/www.cgtic.andifes.org.br\/index.php\/wp-json\/wp\/v2\/types\/post"}],"author":[{"embeddable":true,"href":"https:\/\/www.cgtic.andifes.org.br\/index.php\/wp-json\/wp\/v2\/users\/7"}],"replies":[{"embeddable":true,"href":"https:\/\/www.cgtic.andifes.org.br\/index.php\/wp-json\/wp\/v2\/comments?post=367"}],"version-history":[{"count":7,"href":"https:\/\/www.cgtic.andifes.org.br\/index.php\/wp-json\/wp\/v2\/posts\/367\/revisions"}],"predecessor-version":[{"id":1105,"href":"https:\/\/www.cgtic.andifes.org.br\/index.php\/wp-json\/wp\/v2\/posts\/367\/revisions\/1105"}],"wp:attachment":[{"href":"https:\/\/www.cgtic.andifes.org.br\/index.php\/wp-json\/wp\/v2\/media?parent=367"}],"wp:term":[{"taxonomy":"category","embeddable":true,"href":"https:\/\/www.cgtic.andifes.org.br\/index.php\/wp-json\/wp\/v2\/categories?post=367"},{"taxonomy":"post_tag","embeddable":true,"href":"https:\/\/www.cgtic.andifes.org.br\/index.php\/wp-json\/wp\/v2\/tags?post=367"}],"curies":[{"name":"wp","href":"https:\/\/api.w.org\/{rel}","templated":true}]}}